{
    "id": 520,
    "date": "2025-06-10T00:10:53",
    "date_gmt": "2025-06-10T00:10:53",
    "guid": {
        "rendered": "https:\/\/theheihispanicagency.com\/?p=520"
    },
    "modified": "2025-06-10T18:04:38",
    "modified_gmt": "2025-06-10T18:04:38",
    "slug": "el-motor-demografico-y-economico-del-futuro",
    "status": "publish",
    "type": "post",
    "link": "https:\/\/theheihispanicagency.com\/es\/el-motor-demografico-y-economico-del-futuro\/",
    "title": {
        "rendered": "El motor demogr\u00e1fico y econ\u00f3mico del futuro."
    },
    "content": {
        "rendered": "<section class=\"vc_row liquid-row-shadowbox-69f0e3498dd1d\"><div class=\"ld-container container\"><div class=\"row ld-row ld-row-outer\"><div class=\"wpb_column vc_column_container vc_col-sm-12 liquid-column-69f0e3498e1d7\"><div class=\"vc_column-inner\" ><div class=\"wpb_wrapper\"  >\n\t<div class=\"wpb_text_column wpb_content_element\" >\n\t\t<div class=\"wpb_wrapper\">\n\t\t\t<p><span style=\"color: #ac1c1c;\">Impulsado por un crecimiento demogr\u00e1fico sostenido y una participaci\u00f3n activa en la fuerza laboral, el mercado hispano se consolida como una de las principales fuerzas impulsoras para la prosperidad econ\u00f3mica a largo plazo de Estados Unidos.<\/span><\/p>\n<p><span style=\"color: #1c1818;\"><strong>La importancia del mercado latino en Estados Unidos es el resultado de un crecimiento demogr\u00e1fico continuo, alimentado por la inmigraci\u00f3n y un alto \u00edndice de natalidad dentro de la poblaci\u00f3n latina. Esta expansi\u00f3n de la poblaci\u00f3n se ha traducido directamente en una mayor incorporaci\u00f3n al mercado laboral estadounidense y, consecuentemente, en un incremento significativo de su poder adquisitivo, transform\u00e1ndose en un mercado consumidor y productor de gran relevancia.<\/strong><\/span><\/p>\n<p><span style=\"color: #1c1818;\"><strong>Esta expansi\u00f3n demogr\u00e1fica y econ\u00f3mica no es solo una tendencia del pasado, sino una proyecci\u00f3n hacia el futuro. La tasa de crecimiento del PIB latino, que fue aproximadamente 85% superior a la del PIB general de EE. UU. entre 2011 y 2021, subraya su rol como un pilar fundamental para el desarrollo y la resiliencia de la econom\u00eda del pa\u00eds, prometiendo continuar siendo una fuerza motriz clave en los a\u00f1os venideros.<\/strong><\/span><\/p>\n\n\t\t<\/div>\n\t<\/div>\n\n\t<div class=\"wpb_text_column wpb_content_element\" >\n\t\t<div class=\"wpb_wrapper\">\n\t\t\t<h2><b>El PIB Latino en el Escenario Mundial<\/b><\/h2>\n\n\t\t<\/div>\n\t<\/div>\n\n\t<div  class=\"wpb_single_image wpb_content_element vc_align_  liquid_vc_single_image-69f0e3498e7b7\">\n\t\t\n\t\t<figure class=\"wpb_wrapper vc_figure\">\n\t\t\t<div class=\"vc_single_image-wrapper\"><img decoding=\"async\" width=\"977\" height=\"541\" src=\"https:\/\/theheihispanicagency.com\/wp-content\/uploads\/2025\/06\/img-Trillions-of-dollars.jpg\" class=\"vc_single_image-img attachment-full\" alt=\"\" title=\"img Trillions of dollars\" srcset=\"https:\/\/theheihispanicagency.com\/wp-content\/uploads\/2025\/06\/img-Trillions-of-dollars.jpg 977w, https:\/\/theheihispanicagency.com\/wp-content\/uploads\/2025\/06\/img-Trillions-of-dollars-300x166.jpg 300w, https:\/\/theheihispanicagency.com\/wp-content\/uploads\/2025\/06\/img-Trillions-of-dollars-18x10.jpg 18w\" sizes=\"(max-width: 977px) 100vw, 977px\" itemprop=\"image\" \/><\/div>\n\t\t<\/figure>\n\t<\/div>\n\n\t<div class=\"wpb_text_column wpb_content_element\" >\n\t\t<div class=\"wpb_wrapper\">\n\t\t\t<p><span style=\"color: #1c1414;\"><strong>Las principales econom\u00edas del mundo en 2021 comparadas con el PIB Latino de EE. UU. seg\u00fan lo estimado por los gastos realizados &#8220;por y en nombre&#8221; de los miembros de este grupo demogr\u00e1fico.<\/strong><\/span><\/p>\n\n\t\t<\/div>\n\t<\/div>\n\n\t<div  class=\"wpb_single_image wpb_content_element vc_align_  liquid_vc_single_image-69f0e349970e2\">\n\t\t\n\t\t<figure class=\"wpb_wrapper vc_figure\">\n\t\t\t<div class=\"vc_single_image-wrapper\"><img decoding=\"async\" width=\"977\" height=\"541\" src=\"data:image\/svg+xml;charset=utf-8,%3Csvg xmlns%3D&#039;http%3A%2F%2Fwww.w3.org%2F2000%2Fsvg&#039; viewBox%3D&#039;0 0 977 541&#039;%2F%3E\" class=\"vc_single_image-img attachment-full ld-lazyload\" alt=\"\" title=\"img chained\" itemprop=\"image\" data-src=\"https:\/\/theheihispanicagency.com\/wp-content\/uploads\/2025\/06\/img-chained.jpg\" data-srcset=\"https:\/\/theheihispanicagency.com\/wp-content\/uploads\/2025\/06\/img-chained.jpg 977w, https:\/\/theheihispanicagency.com\/wp-content\/uploads\/2025\/06\/img-chained-300x166.jpg 300w, https:\/\/theheihispanicagency.com\/wp-content\/uploads\/2025\/06\/img-chained-18x10.jpg 18w\" data-sizes=\"(max-width: 977px) 100vw, 977px\" data-aspect=\"1.8059149722736\" \/><\/div>\n\t\t<\/figure>\n\t<\/div>\n\n\t<div class=\"wpb_text_column wpb_content_element\" >\n\t\t<div class=\"wpb_wrapper\">\n\t\t\t<p><span style=\"color: #1c1515;\"><strong>Crecimiento real porcentual anualizado del PIB entre las principales econom\u00edas del mundo entre 2011 y 2021 comparado con el crecimiento del PIB Latino de EE. UU. medido a partir de los gastos realizados &#8220;por y en nombre&#8221; de los miembros de este grupo demogr\u00e1fico.<\/strong><\/span><\/p>\n<p><span style=\"font-weight: 400;\">Fuentes: Banco Mundial; Departamento de Comercio de EE. UU., Oficina de An\u00e1lisis Econ\u00f3mico; Departamento de Comercio de EE. UU., Oficina del Censo, Encuesta sobre la Comunidad Estadounidense; y Departamento de Trabajo de EE. UU., Oficina de Estad\u00edsticas Laborales, Encuesta de Gasto del Consumidor.<\/span><\/p>\n<p><span style=\"font-weight: 400;\">HMC 2024 CONSEJO DE MARKETING HISPANO.<\/span><\/p>\n\n\t\t<\/div>\n\t<\/div>\n<\/div><\/div><\/div><\/div><\/div><\/section>",
        "protected": false
    },
    "excerpt": {
        "rendered": "Impulsado por un crecimiento demogr\u00e1fico sostenido y una participaci\u00f3n activa en la fuerza laboral, el mercado hispano se consolida como una de las principales fuerzas impulsoras para la prosperidad econ\u00f3mica a largo plazo de Estados Unidos. La importancia del mercado latino en Estados Unidos es el resultado de un crecimiento demogr\u00e1fico continuo, alimentado por la [...]",
        "protected": false
    },
    "author": 1,
    "featured_media": 522,
    "comment_status": "closed",
    "ping_status": "closed",
    "sticky": false,
    "template": "",
    "format": "standard",
    "meta": {
        "footnotes": ""
    },
    "categories": [
        1
    ],
    "tags": [],
    "class_list": [
        "post-520",
        "post",
        "type-post",
        "status-publish",
        "format-standard",
        "has-post-thumbnail",
        "hentry",
        "category-blog"
    ],
    "yoast_head": "<!-- This site is optimized with the Yoast SEO plugin v27.4 - https:\/\/yoast.com\/product\/yoast-seo-wordpress\/ -->\n<title>El motor demogr\u00e1fico y econ\u00f3mico del futuro. - The Hei Hispanic Agency<\/title>\n<meta name=\"robots\" content=\"index, follow, max-snippet:-1, max-image-preview:large, max-video-preview:-1\" \/>\n<link rel=\"canonical\" href=\"https:\/\/theheihispanicagency.com\/es\/el-motor-demografico-y-economico-del-futuro\/\" \/>\n<meta property=\"og:locale\" content=\"es_ES\" \/>\n<meta property=\"og:type\" content=\"article\" \/>\n<meta property=\"og:title\" content=\"El motor demogr\u00e1fico y econ\u00f3mico del futuro. - The Hei Hispanic Agency\" \/>\n<meta property=\"og:url\" content=\"https:\/\/theheihispanicagency.com\/es\/el-motor-demografico-y-economico-del-futuro\/\" \/>\n<meta property=\"og:site_name\" content=\"The Hei Hispanic Agency\" \/>\n<meta property=\"article:published_time\" content=\"2025-06-10T00:10:53+00:00\" \/>\n<meta property=\"article:modified_time\" content=\"2025-06-10T18:04:38+00:00\" \/>\n<meta property=\"og:image\" content=\"https:\/\/theheihispanicagency.com\/wp-content\/uploads\/2025\/06\/10-de-junio-El-motor-demografico-y-economico-del-futuro.jpg\" \/>\n\t<meta property=\"og:image:width\" content=\"780\" \/>\n\t<meta property=\"og:image:height\" content=\"521\" \/>\n\t<meta property=\"og:image:type\" content=\"image\/jpeg\" \/>\n<meta name=\"author\" content=\"luvasoft\" \/>\n<meta name=\"twitter:card\" content=\"summary_large_image\" \/>\n<meta name=\"twitter:label1\" content=\"Escrito por\" \/>\n\t<meta name=\"twitter:data1\" content=\"luvasoft\" \/>\n\t<meta name=\"twitter:label2\" content=\"Tiempo de lectura\" \/>\n\t<meta name=\"twitter:data2\" content=\"2 minutos\" \/>\n<script type=\"application\/ld+json\" class=\"yoast-schema-graph\">{\"@context\":\"https:\\\/\\\/schema.org\",\"@graph\":[{\"@type\":\"Article\",\"@id\":\"https:\\\/\\\/theheihispanicagency.com\\\/es\\\/el-motor-demografico-y-economico-del-futuro\\\/#article\",\"isPartOf\":{\"@id\":\"https:\\\/\\\/theheihispanicagency.com\\\/es\\\/el-motor-demografico-y-economico-del-futuro\\\/\"},\"author\":{\"name\":\"luvasoft\",\"@id\":\"https:\\\/\\\/www.latinohispanicadvertising.com\\\/en\\\/#\\\/schema\\\/person\\\/392871059ef288538d45d07117cf6f4c\"},\"headline\":\"El motor demogr\u00e1fico y econ\u00f3mico del futuro.\",\"datePublished\":\"2025-06-10T00:10:53+00:00\",\"dateModified\":\"2025-06-10T18:04:38+00:00\",\"mainEntityOfPage\":{\"@id\":\"https:\\\/\\\/theheihispanicagency.com\\\/es\\\/el-motor-demografico-y-economico-del-futuro\\\/\"},\"wordCount\":375,\"publisher\":{\"@id\":\"https:\\\/\\\/www.latinohispanicadvertising.com\\\/en\\\/#organization\"},\"image\":{\"@id\":\"https:\\\/\\\/theheihispanicagency.com\\\/es\\\/el-motor-demografico-y-economico-del-futuro\\\/#primaryimage\"},\"thumbnailUrl\":\"https:\\\/\\\/theheihispanicagency.com\\\/wp-content\\\/uploads\\\/2025\\\/06\\\/10-de-junio-El-motor-demografico-y-economico-del-futuro.jpg\",\"articleSection\":[\"Blog\"],\"inLanguage\":\"es\"},{\"@type\":\"WebPage\",\"@id\":\"https:\\\/\\\/theheihispanicagency.com\\\/es\\\/el-motor-demografico-y-economico-del-futuro\\\/\",\"url\":\"https:\\\/\\\/theheihispanicagency.com\\\/es\\\/el-motor-demografico-y-economico-del-futuro\\\/\",\"name\":\"El motor demogr\u00e1fico y econ\u00f3mico del futuro. - The Hei Hispanic Agency\",\"isPartOf\":{\"@id\":\"https:\\\/\\\/www.latinohispanicadvertising.com\\\/en\\\/#website\"},\"primaryImageOfPage\":{\"@id\":\"https:\\\/\\\/theheihispanicagency.com\\\/es\\\/el-motor-demografico-y-economico-del-futuro\\\/#primaryimage\"},\"image\":{\"@id\":\"https:\\\/\\\/theheihispanicagency.com\\\/es\\\/el-motor-demografico-y-economico-del-futuro\\\/#primaryimage\"},\"thumbnailUrl\":\"https:\\\/\\\/theheihispanicagency.com\\\/wp-content\\\/uploads\\\/2025\\\/06\\\/10-de-junio-El-motor-demografico-y-economico-del-futuro.jpg\",\"datePublished\":\"2025-06-10T00:10:53+00:00\",\"dateModified\":\"2025-06-10T18:04:38+00:00\",\"breadcrumb\":{\"@id\":\"https:\\\/\\\/theheihispanicagency.com\\\/es\\\/el-motor-demografico-y-economico-del-futuro\\\/#breadcrumb\"},\"inLanguage\":\"es\",\"potentialAction\":[{\"@type\":\"ReadAction\",\"target\":[\"https:\\\/\\\/theheihispanicagency.com\\\/es\\\/el-motor-demografico-y-economico-del-futuro\\\/\"]}]},{\"@type\":\"ImageObject\",\"inLanguage\":\"es\",\"@id\":\"https:\\\/\\\/theheihispanicagency.com\\\/es\\\/el-motor-demografico-y-economico-del-futuro\\\/#primaryimage\",\"url\":\"https:\\\/\\\/theheihispanicagency.com\\\/wp-content\\\/uploads\\\/2025\\\/06\\\/10-de-junio-El-motor-demografico-y-economico-del-futuro.jpg\",\"contentUrl\":\"https:\\\/\\\/theheihispanicagency.com\\\/wp-content\\\/uploads\\\/2025\\\/06\\\/10-de-junio-El-motor-demografico-y-economico-del-futuro.jpg\",\"width\":780,\"height\":521},{\"@type\":\"BreadcrumbList\",\"@id\":\"https:\\\/\\\/theheihispanicagency.com\\\/es\\\/el-motor-demografico-y-economico-del-futuro\\\/#breadcrumb\",\"itemListElement\":[{\"@type\":\"ListItem\",\"position\":1,\"name\":\"Inicio\",\"item\":\"https:\\\/\\\/www.latinohispanicadvertising.com\\\/es\\\/\"},{\"@type\":\"ListItem\",\"position\":2,\"name\":\"El motor demogr\u00e1fico y econ\u00f3mico del futuro.\"}]},{\"@type\":\"WebSite\",\"@id\":\"https:\\\/\\\/www.latinohispanicadvertising.com\\\/en\\\/#website\",\"url\":\"https:\\\/\\\/www.latinohispanicadvertising.com\\\/en\\\/\",\"name\":\"The Hei Hispanic Agency \ud83d\udc49 Agencia De Publicidad Hispana\",\"description\":\"\u2b50 &iquest;Buscas una agencia de publicidad hispana en Virginia que entienda el poder del mercado latino? Ofrecemos una gama completa de servicios de marketing para hispanos en Washington DC, desde dise&ntilde;o gr&aacute;fico y gesti&oacute;n de redes sociales hasta desarrollo web y consultor&iacute;a estrat&eacute;gica.\",\"publisher\":{\"@id\":\"https:\\\/\\\/www.latinohispanicadvertising.com\\\/en\\\/#organization\"},\"potentialAction\":[{\"@type\":\"SearchAction\",\"target\":{\"@type\":\"EntryPoint\",\"urlTemplate\":\"https:\\\/\\\/www.latinohispanicadvertising.com\\\/en\\\/?s={search_term_string}\"},\"query-input\":{\"@type\":\"PropertyValueSpecification\",\"valueRequired\":true,\"valueName\":\"search_term_string\"}}],\"inLanguage\":\"es\"},{\"@type\":\"Organization\",\"@id\":\"https:\\\/\\\/www.latinohispanicadvertising.com\\\/en\\\/#organization\",\"name\":\"The Hei Hispanic Agency INC\",\"url\":\"https:\\\/\\\/www.latinohispanicadvertising.com\\\/en\\\/\",\"logo\":{\"@type\":\"ImageObject\",\"inLanguage\":\"es\",\"@id\":\"https:\\\/\\\/www.latinohispanicadvertising.com\\\/en\\\/#\\\/schema\\\/logo\\\/image\\\/\",\"url\":\"https:\\\/\\\/theheihispanicagency.com\\\/wp-content\\\/uploads\\\/2025\\\/02\\\/logo-banner-desde-nuestras-inicios.png\",\"contentUrl\":\"https:\\\/\\\/theheihispanicagency.com\\\/wp-content\\\/uploads\\\/2025\\\/02\\\/logo-banner-desde-nuestras-inicios.png\",\"width\":158,\"height\":208,\"caption\":\"The Hei Hispanic Agency INC\"},\"image\":{\"@id\":\"https:\\\/\\\/www.latinohispanicadvertising.com\\\/en\\\/#\\\/schema\\\/logo\\\/image\\\/\"}},{\"@type\":\"Person\",\"@id\":\"https:\\\/\\\/www.latinohispanicadvertising.com\\\/en\\\/#\\\/schema\\\/person\\\/392871059ef288538d45d07117cf6f4c\",\"name\":\"luvasoft\",\"image\":{\"@type\":\"ImageObject\",\"inLanguage\":\"es\",\"@id\":\"https:\\\/\\\/secure.gravatar.com\\\/avatar\\\/fe9c9bd405d8f4a89131dbd25ec3dec5b088f555c87f8bd14a9eab6782737194?s=96&d=mm&r=g\",\"url\":\"https:\\\/\\\/secure.gravatar.com\\\/avatar\\\/fe9c9bd405d8f4a89131dbd25ec3dec5b088f555c87f8bd14a9eab6782737194?s=96&d=mm&r=g\",\"contentUrl\":\"https:\\\/\\\/secure.gravatar.com\\\/avatar\\\/fe9c9bd405d8f4a89131dbd25ec3dec5b088f555c87f8bd14a9eab6782737194?s=96&d=mm&r=g\",\"caption\":\"luvasoft\"},\"sameAs\":[\"https:\\\/\\\/theheihispanicagency.com\"]}]}<\/script>\n<!-- \/ Yoast SEO plugin. -->",
    "yoast_head_json": {
        "title": "El motor demogr\u00e1fico y econ\u00f3mico del futuro. - The Hei Hispanic Agency",
        "robots": {
            "index": "index",
            "follow": "follow",
            "max-snippet": "max-snippet:-1",
            "max-image-preview": "max-image-preview:large",
            "max-video-preview": "max-video-preview:-1"
        },
        "canonical": "https:\/\/theheihispanicagency.com\/es\/el-motor-demografico-y-economico-del-futuro\/",
        "og_locale": "es_ES",
        "og_type": "article",
        "og_title": "El motor demogr\u00e1fico y econ\u00f3mico del futuro. - The Hei Hispanic Agency",
        "og_url": "https:\/\/theheihispanicagency.com\/es\/el-motor-demografico-y-economico-del-futuro\/",
        "og_site_name": "The Hei Hispanic Agency",
        "article_published_time": "2025-06-10T00:10:53+00:00",
        "article_modified_time": "2025-06-10T18:04:38+00:00",
        "og_image": [
            {
                "width": 780,
                "height": 521,
                "url": "https:\/\/theheihispanicagency.com\/wp-content\/uploads\/2025\/06\/10-de-junio-El-motor-demografico-y-economico-del-futuro.jpg",
                "type": "image\/jpeg"
            }
        ],
        "author": "luvasoft",
        "twitter_card": "summary_large_image",
        "twitter_misc": {
            "Escrito por": "luvasoft",
            "Tiempo de lectura": "2 minutos"
        },
        "schema": {
            "@context": "https:\/\/schema.org",
            "@graph": [
                {
                    "@type": "Article",
                    "@id": "https:\/\/theheihispanicagency.com\/es\/el-motor-demografico-y-economico-del-futuro\/#article",
                    "isPartOf": {
                        "@id": "https:\/\/theheihispanicagency.com\/es\/el-motor-demografico-y-economico-del-futuro\/"
                    },
                    "author": {
                        "name": "luvasoft",
                        "@id": "https:\/\/www.latinohispanicadvertising.com\/en\/#\/schema\/person\/392871059ef288538d45d07117cf6f4c"
                    },
                    "headline": "El motor demogr\u00e1fico y econ\u00f3mico del futuro.",
                    "datePublished": "2025-06-10T00:10:53+00:00",
                    "dateModified": "2025-06-10T18:04:38+00:00",
                    "mainEntityOfPage": {
                        "@id": "https:\/\/theheihispanicagency.com\/es\/el-motor-demografico-y-economico-del-futuro\/"
                    },
                    "wordCount": 375,
                    "publisher": {
                        "@id": "https:\/\/www.latinohispanicadvertising.com\/en\/#organization"
                    },
                    "image": {
                        "@id": "https:\/\/theheihispanicagency.com\/es\/el-motor-demografico-y-economico-del-futuro\/#primaryimage"
                    },
                    "thumbnailUrl": "https:\/\/theheihispanicagency.com\/wp-content\/uploads\/2025\/06\/10-de-junio-El-motor-demografico-y-economico-del-futuro.jpg",
                    "articleSection": [
                        "Blog"
                    ],
                    "inLanguage": "es"
                },
                {
                    "@type": "WebPage",
                    "@id": "https:\/\/theheihispanicagency.com\/es\/el-motor-demografico-y-economico-del-futuro\/",
                    "url": "https:\/\/theheihispanicagency.com\/es\/el-motor-demografico-y-economico-del-futuro\/",
                    "name": "El motor demogr\u00e1fico y econ\u00f3mico del futuro. - The Hei Hispanic Agency",
                    "isPartOf": {
                        "@id": "https:\/\/www.latinohispanicadvertising.com\/en\/#website"
                    },
                    "primaryImageOfPage": {
                        "@id": "https:\/\/theheihispanicagency.com\/es\/el-motor-demografico-y-economico-del-futuro\/#primaryimage"
                    },
                    "image": {
                        "@id": "https:\/\/theheihispanicagency.com\/es\/el-motor-demografico-y-economico-del-futuro\/#primaryimage"
                    },
                    "thumbnailUrl": "https:\/\/theheihispanicagency.com\/wp-content\/uploads\/2025\/06\/10-de-junio-El-motor-demografico-y-economico-del-futuro.jpg",
                    "datePublished": "2025-06-10T00:10:53+00:00",
                    "dateModified": "2025-06-10T18:04:38+00:00",
                    "breadcrumb": {
                        "@id": "https:\/\/theheihispanicagency.com\/es\/el-motor-demografico-y-economico-del-futuro\/#breadcrumb"
                    },
                    "inLanguage": "es",
                    "potentialAction": [
                        {
                            "@type": "ReadAction",
                            "target": [
                                "https:\/\/theheihispanicagency.com\/es\/el-motor-demografico-y-economico-del-futuro\/"
                            ]
                        }
                    ]
                },
                {
                    "@type": "ImageObject",
                    "inLanguage": "es",
                    "@id": "https:\/\/theheihispanicagency.com\/es\/el-motor-demografico-y-economico-del-futuro\/#primaryimage",
                    "url": "https:\/\/theheihispanicagency.com\/wp-content\/uploads\/2025\/06\/10-de-junio-El-motor-demografico-y-economico-del-futuro.jpg",
                    "contentUrl": "https:\/\/theheihispanicagency.com\/wp-content\/uploads\/2025\/06\/10-de-junio-El-motor-demografico-y-economico-del-futuro.jpg",
                    "width": 780,
                    "height": 521
                },
                {
                    "@type": "BreadcrumbList",
                    "@id": "https:\/\/theheihispanicagency.com\/es\/el-motor-demografico-y-economico-del-futuro\/#breadcrumb",
                    "itemListElement": [
                        {
                            "@type": "ListItem",
                            "position": 1,
                            "name": "Inicio",
                            "item": "https:\/\/www.latinohispanicadvertising.com\/es\/"
                        },
                        {
                            "@type": "ListItem",
                            "position": 2,
                            "name": "El motor demogr\u00e1fico y econ\u00f3mico del futuro."
                        }
                    ]
                },
                {
                    "@type": "WebSite",
                    "@id": "https:\/\/www.latinohispanicadvertising.com\/en\/#website",
                    "url": "https:\/\/www.latinohispanicadvertising.com\/en\/",
                    "name": "The Hei Hispanic Agency \ud83d\udc49 Agencia De Publicidad Hispana",
                    "description": "\u2b50 &iquest;Buscas una agencia de publicidad hispana en Virginia que entienda el poder del mercado latino? Ofrecemos una gama completa de servicios de marketing para hispanos en Washington DC, desde dise&ntilde;o gr&aacute;fico y gesti&oacute;n de redes sociales hasta desarrollo web y consultor&iacute;a estrat&eacute;gica.",
                    "publisher": {
                        "@id": "https:\/\/www.latinohispanicadvertising.com\/en\/#organization"
                    },
                    "potentialAction": [
                        {
                            "@type": "SearchAction",
                            "target": {
                                "@type": "EntryPoint",
                                "urlTemplate": "https:\/\/www.latinohispanicadvertising.com\/en\/?s={search_term_string}"
                            },
                            "query-input": {
                                "@type": "PropertyValueSpecification",
                                "valueRequired": true,
                                "valueName": "search_term_string"
                            }
                        }
                    ],
                    "inLanguage": "es"
                },
                {
                    "@type": "Organization",
                    "@id": "https:\/\/www.latinohispanicadvertising.com\/en\/#organization",
                    "name": "The Hei Hispanic Agency INC",
                    "url": "https:\/\/www.latinohispanicadvertising.com\/en\/",
                    "logo": {
                        "@type": "ImageObject",
                        "inLanguage": "es",
                        "@id": "https:\/\/www.latinohispanicadvertising.com\/en\/#\/schema\/logo\/image\/",
                        "url": "https:\/\/theheihispanicagency.com\/wp-content\/uploads\/2025\/02\/logo-banner-desde-nuestras-inicios.png",
                        "contentUrl": "https:\/\/theheihispanicagency.com\/wp-content\/uploads\/2025\/02\/logo-banner-desde-nuestras-inicios.png",
                        "width": 158,
                        "height": 208,
                        "caption": "The Hei Hispanic Agency INC"
                    },
                    "image": {
                        "@id": "https:\/\/www.latinohispanicadvertising.com\/en\/#\/schema\/logo\/image\/"
                    }
                },
                {
                    "@type": "Person",
                    "@id": "https:\/\/www.latinohispanicadvertising.com\/en\/#\/schema\/person\/392871059ef288538d45d07117cf6f4c",
                    "name": "luvasoft",
                    "image": {
                        "@type": "ImageObject",
                        "inLanguage": "es",
                        "@id": "https:\/\/secure.gravatar.com\/avatar\/fe9c9bd405d8f4a89131dbd25ec3dec5b088f555c87f8bd14a9eab6782737194?s=96&d=mm&r=g",
                        "url": "https:\/\/secure.gravatar.com\/avatar\/fe9c9bd405d8f4a89131dbd25ec3dec5b088f555c87f8bd14a9eab6782737194?s=96&d=mm&r=g",
                        "contentUrl": "https:\/\/secure.gravatar.com\/avatar\/fe9c9bd405d8f4a89131dbd25ec3dec5b088f555c87f8bd14a9eab6782737194?s=96&d=mm&r=g",
                        "caption": "luvasoft"
                    },
                    "sameAs": [
                        "https:\/\/theheihispanicagency.com"
                    ]
                }
            ]
        }
    },
    "_links": {
        "self": [
            {
                "href": "https:\/\/theheihispanicagency.com\/es\/wp-json\/wp\/v2\/posts\/520",
                "targetHints": {
                    "allow": [
                        "GET"
                    ]
                }
            }
        ],
        "collection": [
            {
                "href": "https:\/\/theheihispanicagency.com\/es\/wp-json\/wp\/v2\/posts"
            }
        ],
        "about": [
            {
                "href": "https:\/\/theheihispanicagency.com\/es\/wp-json\/wp\/v2\/types\/post"
            }
        ],
        "author": [
            {
                "embeddable": true,
                "href": "https:\/\/theheihispanicagency.com\/es\/wp-json\/wp\/v2\/users\/1"
            }
        ],
        "replies": [
            {
                "embeddable": true,
                "href": "https:\/\/theheihispanicagency.com\/es\/wp-json\/wp\/v2\/comments?post=520"
            }
        ],
        "version-history": [
            {
                "count": 7,
                "href": "https:\/\/theheihispanicagency.com\/es\/wp-json\/wp\/v2\/posts\/520\/revisions"
            }
        ],
        "predecessor-version": [
            {
                "id": 542,
                "href": "https:\/\/theheihispanicagency.com\/es\/wp-json\/wp\/v2\/posts\/520\/revisions\/542"
            }
        ],
        "wp:featuredmedia": [
            {
                "embeddable": true,
                "href": "https:\/\/theheihispanicagency.com\/es\/wp-json\/wp\/v2\/media\/522"
            }
        ],
        "wp:attachment": [
            {
                "href": "https:\/\/theheihispanicagency.com\/es\/wp-json\/wp\/v2\/media?parent=520"
            }
        ],
        "wp:term": [
            {
                "taxonomy": "category",
                "embeddable": true,
                "href": "https:\/\/theheihispanicagency.com\/es\/wp-json\/wp\/v2\/categories?post=520"
            },
            {
                "taxonomy": "post_tag",
                "embeddable": true,
                "href": "https:\/\/theheihispanicagency.com\/es\/wp-json\/wp\/v2\/tags?post=520"
            }
        ],
        "curies": [
            {
                "name": "wp",
                "href": "https:\/\/api.w.org\/{rel}",
                "templated": true
            }
        ]
    }
}